{"provider_url": "https://www.formoso.mg.leg.br", "title": "Nova Mesa Diretora 2025", "html": "<p style=\"text-align: justify; \">A C\u00e2mara Municipal de Formoso - MG, realizou no dia 01/01/2025 Sess\u00e3o Solene para Posse dos Vereadores, Prefeito e Vice - Prefeito eleitos para mandato de 2025 a 2028.\u00a0</p>\r\n<p style=\"text-align: justify; \"><span>O evento aconteceu no Plen\u00e1rio da C\u00e2mara de Vereadores Geraldo Edson Teixeira de Ornelas e\u00a0<span>marcou um momento de renova\u00e7\u00e3o e esperan\u00e7a para a comunidade formosense,</span> conduzido pelo vereador Jos\u00e9 Euclides Vieira (Z\u00e9 Pez\u00e3o), seguindo rigorosamente o regimento interno da Casa Legislativa.</span></p>\r\n<div class=\"xdj266r x11i5rnm xat24cr x1mh8g0r x1vvkbs x126k92a\" style=\"text-align: justify; \">\r\n<div dir=\"auto\"><span>A cerim\u00f4nia teve in\u00edcio com a posse dos nove vereadores eleitos, que apresentaram documenta\u00e7\u00e3o necess\u00e1ria e <span>assinaram o termo de posse\u00a0</span>assumindo o compromisso de trabalhar pelo bem-estar de toda a popula\u00e7\u00e3o,\u00a0<span>consolidando sua responsabilidade com a administra\u00e7\u00e3o municipal. Ap\u00f3s a formaliza\u00e7\u00e3o, <span>houve a elei\u00e7\u00e3o\u00a0</span><span class=\"html-span xdj266r x11i5rnm xat24cr x1mh8g0r xexx8yu x4uap5 x18d9i69 xkhd6sd x1hl2dhg x16tdsg8 x1vvkbs\"><a class=\"html-a xdj266r x11i5rnm xat24cr x1mh8g0r xexx8yu x4uap5 x18d9i69 xkhd6sd x1hl2dhg x16tdsg8 x1vvkbs\" tabindex=\"-1\"></a></span><span>da Mesa Diretora para o bi\u00eanio 2025/2026, na qual a Chapa 1, </span><span>foi eleita de forma un\u00e2nime,\u00a0</span>os parlamentares assumiram seus lugares na nova Mesa Diretora, composta por:</span></span></div>\r\n<div dir=\"auto\"><span><span><br /></span></span></div>\r\n<div dir=\"auto\"><span><span><a href=\"https://sapl.formoso.mg.leg.br/parlamentar/18\">Ivani Bito</a><span>\u00a0(Presidente)</span></span></span></div>\r\n<div dir=\"auto\"><span><span><a href=\"https://sapl.formoso.mg.leg.br/parlamentar/23\">Gelson de Alenxandre</a><span>\u00a0(Vice-Presidente)</span></span></span></div>\r\n<div dir=\"auto\"><span><span><a href=\"https://sapl.formoso.mg.leg.br/parlamentar/6\">Rosemar Ferreira</a><span>\u00a0(1\u00ba Secret\u00e1rio)</span></span></span></div>\r\n<div dir=\"auto\"><span><span><a href=\"https://sapl.formoso.mg.leg.br/parlamentar/26\">Ronaldo da Escola</a><span>\u00a0</span><span>(2\u00ba Secret\u00e1rio)\u00a0</span></span></span></div>\r\n<div dir=\"auto\"><span><br /></span></div>\r\n<div dir=\"auto\"><span>Os demais vereadores empossados s\u00e3o:</span></div>\r\n<div dir=\"auto\">\r\n<div dir=\"auto\"><span><br /></span></div>\r\n<div dir=\"auto\"><span>Fabr\u00edcio Esp\u00edndola de Brito<br />Jos\u00e9 Carlos Pereira de Almeida<br />Jos\u00e9 Euclides Vieira<br />Rafael Ferreira Pires<br />Rodrigo Costa dos Santos</span></div>\r\n<div><span>\u00a0</span></div>\r\n</div>\r\n</div>\r\n<div class=\"x11i5rnm xat24cr x1mh8g0r x1vvkbs xtlvy1s x126k92a\">\r\n<div dir=\"auto\" style=\"text-align: justify; \">Na mesma ocasi\u00e3o, <span>a presidente Ivani Bito conduziu a cerim\u00f4nia de posse do prefeito Dinarte Henrique Guedes de Ornelas e do vice-prefeito Jaudivan Vaz Justino</span>, tamb\u00e9m prestaram juramento, reafirmando seu compromisso de honrar a confian\u00e7a dos cidad\u00e3os. Cada discurso proferido refor\u00e7ou a import\u00e2ncia da uni\u00e3o e da transpar\u00eancia na busca por solu\u00e7\u00f5es que atendam \u00e0s demandas locais.\u00a0</div>\r\n<div dir=\"auto\" style=\"text-align: justify; \"><span><br /></span></div>\r\n<div dir=\"auto\" style=\"text-align: justify; \"><span>Com sentimentos de gratid\u00e3o e responsabilidade, a C\u00e2mara Municipal de Formoso inicia este novo ciclo legislativo disposta a ouvir a sociedade e atuar em parceria com o Executivo, sempre visando o desenvolvimento e a qualidade de vida de todos os moradores.</span></div>\r\n<div dir=\"auto\" style=\"text-align: justify; \"><span><br /></span></div>\r\n<div dir=\"auto\" style=\"text-align: justify; \"><span><br /></span></div>\r\n<div dir=\"auto\" style=\"text-align: justify; \"></div>\r\n</div>\r\n<div dir=\"auto\"></div>\r\n<div dir=\"auto\"></div>\r\n<div dir=\"auto\"></div>\r\n<div dir=\"auto\"></div>\r\n<table align=\"center\" class=\"invisible\">\r\n<tbody>\r\n<tr><th style=\"text-align: center; \"></th><th style=\"text-align: center; \"></th><th style=\"text-align: center; \"></th><th style=\"text-align: center; \"></th><th style=\"text-align: center; \"></th><th style=\"text-align: center; \"></th><th style=\"text-align: center; \"><img src=\"https://www.formoso.mg.leg.br/imagens/mesadiretora.jpg/@@images/df2891bc-7152-49ed-a26e-79629bed3b65.jpeg\" alt=\"\" class=\"image-inline\" title=\"\" /></th></tr>\r\n<tr><th style=\"text-align: center; \"></th><th style=\"text-align: center; \"></th><th style=\"text-align: center; \"></th><th style=\"text-align: center; \"></th><th style=\"text-align: center; \"></th><th style=\"text-align: center; \"></th><th style=\"text-align: center; \">MESA DIRETORA - 2025/2026</th></tr>\r\n<tr><th style=\"text-align: center; \"></th><th style=\"text-align: center; \"></th><th style=\"text-align: center; \"></th><th style=\"text-align: center; \"></th><th style=\"text-align: center; \"></th><th style=\"text-align: center; \"></th><th style=\"text-align: center; \"></th></tr>\r\n<tr><th style=\"text-align: center; \"></th><th style=\"text-align: center; \"></th><th style=\"text-align: center; \"></th><th style=\"text-align: center; \"></th><th style=\"text-align: center; \"></th><th style=\"text-align: center; \"></th><th style=\"text-align: center; \"><img src=\"https://www.formoso.mg.leg.br/imagens/VereadoreseleitosparaoMandatode2025a2028.jpg/@@images/7077f874-0b07-416b-bbba-d20155d342b7.jpeg\" alt=\"\" class=\"image-inline\" title=\"\" /></th></tr>\r\n<tr><th style=\"text-align: center; \"></th><th style=\"text-align: center; \"></th><th style=\"text-align: center; \"></th><th style=\"text-align: center; \"></th><th style=\"text-align: center; \"></th><th style=\"text-align: center; \"></th><th style=\"text-align: center; \">VEREADORES ELEITOS E EMPOSSADOS</th></tr>\r\n<tr><th style=\"text-align: center; \"></th><th style=\"text-align: center; \"></th><th style=\"text-align: center; \"></th><th style=\"text-align: center; \"></th><th style=\"text-align: center; \"></th><th style=\"text-align: center; \"></th><th style=\"text-align: center; \"></th></tr>\r\n<tr><th style=\"text-align: center; \"></th><th style=\"text-align: center; \"></th><th style=\"text-align: center; \"></th><th style=\"text-align: center; \"></th><th style=\"text-align: center; \"></th><th style=\"text-align: center; \"></th><th style=\"text-align: center; \"><img src=\"https://www.formoso.mg.leg.br/imagens/posse_fomoso_2025_2028.jpg/@@images/8a5bbe64-46a3-489d-b178-745013c667ed.jpeg\" alt=\"\" class=\"image-inline\" title=\"\" /></th></tr>\r\n<tr><th style=\"text-align: center; \"></th><th style=\"text-align: center; \"></th><th style=\"text-align: center; \"></th><th style=\"text-align: center; \"></th><th style=\"text-align: center; \"></th><th style=\"text-align: center; \"></th><th style=\"text-align: center; \">PREFEITO, VICE-PREFEITO E VEREADORES</th></tr>\r\n<tr><th style=\"text-align: center; \"></th><th style=\"text-align: center; \"></th><th style=\"text-align: center; \"></th><th style=\"text-align: center; \"></th><th style=\"text-align: center; \"></th><th style=\"text-align: center; \"></th><th style=\"text-align: center; \"></th></tr>\r\n<tr>\r\n<td style=\"text-align: center; \"></td>\r\n<td style=\"text-align: center; \"></td>\r\n<td style=\"text-align: center; \"></td>\r\n<td style=\"text-align: center; \"></td>\r\n<td style=\"text-align: center; \"></td>\r\n<td style=\"text-align: center; \"></td>\r\n<td style=\"text-align: center; \"><img src=\"https://www.formoso.mg.leg.br/imagens/copy_of_PresidenteeleitaPrefeitoeVicePrefeito1.jpg/@@images/9e2769db-805f-4857-be68-25168b07e26e.jpeg\" alt=\"\" class=\"image-inline\" title=\"\" /></td>\r\n</tr>\r\n<tr>\r\n<td style=\"text-align: center; \"></td>\r\n<td style=\"text-align: center; \"></td>\r\n<td style=\"text-align: center; \"></td>\r\n<td style=\"text-align: center; \"></td>\r\n<td style=\"text-align: center; \"></td>\r\n<td style=\"text-align: center; \"></td>\r\n<td style=\"text-align: center; \">PREFEITO, PRESIDENTE DA C\u00c2MARA E VICE-PREFEITO</td>\r\n</tr>\r\n<tr>\r\n<td style=\"text-align: center; \"></td>\r\n<td style=\"text-align: center; \"></td>\r\n<td style=\"text-align: center; \"></td>\r\n<td style=\"text-align: center; \"></td>\r\n<td style=\"text-align: center; \"></td>\r\n<td style=\"text-align: center; \"></td>\r\n<td style=\"text-align: center; \"></td>\r\n</tr>\r\n<tr>\r\n<td style=\"text-align: center; \"></td>\r\n<td style=\"text-align: center; \"></td>\r\n<td style=\"text-align: center; \"></td>\r\n<td style=\"text-align: center; \"></td>\r\n<td style=\"text-align: center; \"></td>\r\n<td style=\"text-align: center; \"></td>\r\n<td style=\"text-align: center; \"><img src=\"https://www.formoso.mg.leg.br/imagens/PrefeitoeVicePrefeitoexercicio2025.jpg/@@images/490137ec-50be-43dd-badf-b4e704cbc547.jpeg\" alt=\"\" class=\"image-inline\" title=\"\" /></td>\r\n</tr>\r\n<tr>\r\n<td style=\"text-align: center; \"></td>\r\n<td style=\"text-align: center; \"></td>\r\n<td style=\"text-align: center; \"></td>\r\n<td style=\"text-align: center; \"></td>\r\n<td style=\"text-align: center; \"></td>\r\n<td style=\"text-align: center; \"></td>\r\n<td style=\"text-align: center; \">PREFEITO E VICE-PREFEITO</td>\r\n</tr>\r\n</tbody>\r\n</table>", "author_name": "", "version": "1.0", "author_url": "https://www.formoso.mg.leg.br/author/administrador", "provider_name": "C\u00e2mara Municipal de Formoso - MG", "type": "rich"}